{"id":1343,"date":"2016-12-05T16:18:56","date_gmt":"2016-12-05T15:18:56","guid":{"rendered":"http:\/\/www.linie41-film.net\/en\/impressionen-von-oeffentlichen-vorfuehrungen\/"},"modified":"2018-11-26T18:23:15","modified_gmt":"2018-11-26T17:23:15","slug":"impressionen-von-oeffentlichen-vorfuehrungen","status":"publish","type":"post","link":"http:\/\/www.linie41-film.net\/en\/impressionen-von-oeffentlichen-vorfuehrungen\/","title":{"rendered":"Impressionen: Vorf\u00fchrungen, Filmgespr\u00e4che, Begegnungen"},"content":{"rendered":"<h2 style=\"text-align: center;\">M\u00fcnchen, 19. November 2018<\/h2>\n<p style=\"text-align: center;\"><a href=\"https:\/\/www.monopol-kino.de\">Monopol Kino M\u00fcnchen<\/a>. Gespr\u00e4chsrunde mit Dr. Joram Ronel, Natan Grossmann (Protagonist), Tanja Cummings (Regisseurin), Jens-J\u00fcrgen Ventzki ((Protagonist)<\/p>\n<p><img loading=\"lazy\" decoding=\"async\" class=\"aligncenter size-large wp-image-4555\" src=\"http:\/\/www.linie41-film.net\/wp-content\/uploads\/2016\/12\/181119_Linie-41-kl-1024x683.jpg\" alt=\"181119_Linie 41-kl\" width=\"1000\" height=\"667\" srcset=\"http:\/\/www.linie41-film.net\/wp-content\/uploads\/2016\/12\/181119_Linie-41-kl-1024x683.jpg 1024w, http:\/\/www.linie41-film.net\/wp-content\/uploads\/2016\/12\/181119_Linie-41-kl-300x200.jpg 300w\" sizes=\"auto, (max-width: 1000px) 100vw, 1000px\" \/><\/p>\n<p style=\"text-align: center;\">Credits: Foto von <a href=\"https:\/\/www.monopol-kino.de\">Monopol Kino M\u00fcnchen\u00a0<\/a><\/p>\n<p><img loading=\"lazy\" decoding=\"async\" class=\"aligncenter size-large wp-image-4561\" src=\"http:\/\/www.linie41-film.net\/wp-content\/uploads\/2016\/12\/181119_Linie-41-2-kl-1024x683.jpg\" alt=\"181119_Linie 41 (2)-kl\" width=\"1000\" height=\"667\" srcset=\"http:\/\/www.linie41-film.net\/wp-content\/uploads\/2016\/12\/181119_Linie-41-2-kl-1024x683.jpg 1024w, http:\/\/www.linie41-film.net\/wp-content\/uploads\/2016\/12\/181119_Linie-41-2-kl-300x200.jpg 300w\" sizes=\"auto, (max-width: 1000px) 100vw, 1000px\" \/><\/p>\n<p style=\"text-align: center;\">Credits: Foto von\u00a0<a href=\"https:\/\/www.monopol-kino.de\">Monopol Kino M\u00fcnchen\u00a0<\/a><\/p>\n<p><img loading=\"lazy\" decoding=\"async\" class=\"aligncenter size-large wp-image-4563\" src=\"http:\/\/www.linie41-film.net\/wp-content\/uploads\/2016\/12\/181119_Linie-41-3-kl-1024x683.jpg\" alt=\"181119_Linie 41 (3)-kl\" width=\"1000\" height=\"667\" srcset=\"http:\/\/www.linie41-film.net\/wp-content\/uploads\/2016\/12\/181119_Linie-41-3-kl-1024x683.jpg 1024w, http:\/\/www.linie41-film.net\/wp-content\/uploads\/2016\/12\/181119_Linie-41-3-kl-300x200.jpg 300w\" sizes=\"auto, (max-width: 1000px) 100vw, 1000px\" \/><\/p>\n<p style=\"text-align: center;\">Credits: Foto von\u00a0<a href=\"https:\/\/www.monopol-kino.de\">Monopol Kino M\u00fcnchen\u00a0<\/a><\/p>\n<h2 style=\"text-align: center;\"><\/h2>\n<h2 style=\"text-align: center;\">Boston &#8211; 14.\u00a0bis 18. June 2017<\/h2>\n<p style=\"text-align: center;\">Museum of Fine Arts Boston (MFA) &amp; Boston Jewish Film Festival<\/p>\n<p style=\"text-align: center;\"><img loading=\"lazy\" decoding=\"async\" class=\"aligncenter  wp-image-3527\" src=\"http:\/\/www.linie41-film.net\/wp-content\/uploads\/2016\/12\/IMG_5025b-1024x513.jpg\" alt=\"IMG_5025b\" width=\"974\" height=\"488\" srcset=\"http:\/\/www.linie41-film.net\/wp-content\/uploads\/2016\/12\/IMG_5025b-1024x513.jpg 1024w, http:\/\/www.linie41-film.net\/wp-content\/uploads\/2016\/12\/IMG_5025b-300x150.jpg 300w\" sizes=\"auto, (max-width: 974px) 100vw, 974px\" \/><\/p>\n<p>&nbsp;<\/p>\n<h2 style=\"text-align: center;\"><img loading=\"lazy\" decoding=\"async\" class=\"aligncenter  wp-image-3521\" src=\"http:\/\/www.linie41-film.net\/wp-content\/uploads\/2016\/12\/IMG_5036b-1024x569.jpg\" alt=\"IMG_5036b\" width=\"985\" height=\"548\" srcset=\"http:\/\/www.linie41-film.net\/wp-content\/uploads\/2016\/12\/IMG_5036b-1024x569.jpg 1024w, http:\/\/www.linie41-film.net\/wp-content\/uploads\/2016\/12\/IMG_5036b-300x167.jpg 300w\" sizes=\"auto, (max-width: 985px) 100vw, 985px\" \/><\/h2>\n<p><img loading=\"lazy\" decoding=\"async\" class=\"aligncenter  wp-image-3519\" src=\"http:\/\/www.linie41-film.net\/wp-content\/uploads\/2015\/05\/IMG_5033b-1024x565.jpg\" alt=\"IMG_5033b\" width=\"981\" height=\"542\" srcset=\"http:\/\/www.linie41-film.net\/wp-content\/uploads\/2015\/05\/IMG_5033b-1024x565.jpg 1024w, http:\/\/www.linie41-film.net\/wp-content\/uploads\/2015\/05\/IMG_5033b-300x166.jpg 300w\" sizes=\"auto, (max-width: 981px) 100vw, 981px\" \/><\/p>\n<h2 style=\"text-align: center;\"><\/h2>\n<h2 style=\"text-align: center;\">Stuttgart &#8211; 7. Mai 2017<\/h2>\n<p style=\"text-align: center;\">Veranstaltung des J\u00fcdischen Nationalfonds &#8211; Keren Kayemeth LeIsrael Deutschland &#8211; Israelitische Religionsgemeinschaft W\u00fcrttemberg.<\/p>\n<p><img loading=\"lazy\" decoding=\"async\" class=\"aligncenter  wp-image-3386\" src=\"http:\/\/www.linie41-film.net\/wp-content\/uploads\/2016\/12\/18359044_1768185616541961_8173724622812791239_o-1024x437.jpg\" alt=\"18359044_1768185616541961_8173724622812791239_o\" width=\"942\" height=\"402\" srcset=\"http:\/\/www.linie41-film.net\/wp-content\/uploads\/2016\/12\/18359044_1768185616541961_8173724622812791239_o-1024x437.jpg 1024w, http:\/\/www.linie41-film.net\/wp-content\/uploads\/2016\/12\/18359044_1768185616541961_8173724622812791239_o-300x128.jpg 300w, http:\/\/www.linie41-film.net\/wp-content\/uploads\/2016\/12\/18359044_1768185616541961_8173724622812791239_o.jpg 1921w\" sizes=\"auto, (max-width: 942px) 100vw, 942px\" \/><\/p>\n<p><img loading=\"lazy\" decoding=\"async\" class=\"aligncenter  wp-image-3388\" src=\"http:\/\/www.linie41-film.net\/wp-content\/uploads\/2016\/12\/stuttgart01.jpg\" alt=\"stuttgart01\" width=\"946\" height=\"475\" srcset=\"http:\/\/www.linie41-film.net\/wp-content\/uploads\/2016\/12\/stuttgart01.jpg 748w, http:\/\/www.linie41-film.net\/wp-content\/uploads\/2016\/12\/stuttgart01-300x151.jpg 300w\" sizes=\"auto, (max-width: 946px) 100vw, 946px\" \/><\/p>\n<p>&nbsp;<\/p>\n<h2 style=\"text-align: center;\">Parchim &#8211; Mai 2017<\/h2>\n<p style=\"text-align: center;\">Fotos von Frank R\u00fchlow.<\/p>\n<h2 style=\"text-align: center;\"><img loading=\"lazy\" decoding=\"async\" class=\"aligncenter size-large wp-image-3376\" src=\"http:\/\/www.linie41-film.net\/wp-content\/uploads\/2016\/12\/DSC_4897-1024x683.jpg\" alt=\"DSC_4897\" width=\"1000\" height=\"667\" srcset=\"http:\/\/www.linie41-film.net\/wp-content\/uploads\/2016\/12\/DSC_4897-1024x683.jpg 1024w, http:\/\/www.linie41-film.net\/wp-content\/uploads\/2016\/12\/DSC_4897-300x200.jpg 300w\" sizes=\"auto, (max-width: 1000px) 100vw, 1000px\" \/><\/h2>\n<p><img loading=\"lazy\" decoding=\"async\" class=\"aligncenter size-large wp-image-3374\" src=\"http:\/\/www.linie41-film.net\/wp-content\/uploads\/2016\/12\/DSC_3319-1024x593.jpg\" alt=\"DSC_3319\" width=\"1000\" height=\"579\" srcset=\"http:\/\/www.linie41-film.net\/wp-content\/uploads\/2016\/12\/DSC_3319-1024x593.jpg 1024w, http:\/\/www.linie41-film.net\/wp-content\/uploads\/2016\/12\/DSC_3319-300x174.jpg 300w\" sizes=\"auto, (max-width: 1000px) 100vw, 1000px\" \/><\/p>\n<h2 style=\"text-align: center;\"><img loading=\"lazy\" decoding=\"async\" class=\"aligncenter size-large wp-image-3372\" src=\"http:\/\/www.linie41-film.net\/wp-content\/uploads\/2016\/12\/DSC_3329-1024x680.jpg\" alt=\"DSC_3329\" width=\"1000\" height=\"664\" srcset=\"http:\/\/www.linie41-film.net\/wp-content\/uploads\/2016\/12\/DSC_3329-1024x680.jpg 1024w, http:\/\/www.linie41-film.net\/wp-content\/uploads\/2016\/12\/DSC_3329-300x199.jpg 300w\" sizes=\"auto, (max-width: 1000px) 100vw, 1000px\" \/><\/h2>\n<p>&nbsp;<\/p>\n<h2 style=\"text-align: center;\">Gedenkst\u00e4tte Kulmhof (Polen) &#8211; 12. April 2017<\/h2>\n<p style=\"text-align: center;\">12 April 2017 &#8211; Impressionen nach der Vorf\u00fchrung des Films. Gedenkst\u00e4tte des Vernichtungslagers Kulmhof. Fotos Frank R\u00fchlow.<\/p>\n<p style=\"text-align: center;\"><img loading=\"lazy\" decoding=\"async\" class=\"aligncenter size-large wp-image-3352\" src=\"http:\/\/www.linie41-film.net\/wp-content\/uploads\/2016\/12\/18049868_1961496677413846_904743950_o-1024x759.jpg\" alt=\"18049868_1961496677413846_904743950_o\" width=\"1000\" height=\"741\" srcset=\"http:\/\/www.linie41-film.net\/wp-content\/uploads\/2016\/12\/18049868_1961496677413846_904743950_o-1024x759.jpg 1024w, http:\/\/www.linie41-film.net\/wp-content\/uploads\/2016\/12\/18049868_1961496677413846_904743950_o-300x222.jpg 300w, http:\/\/www.linie41-film.net\/wp-content\/uploads\/2016\/12\/18049868_1961496677413846_904743950_o.jpg 1494w\" sizes=\"auto, (max-width: 1000px) 100vw, 1000px\" \/><\/p>\n<p style=\"text-align: center;\"><img loading=\"lazy\" decoding=\"async\" class=\"aligncenter size-large wp-image-3350\" src=\"http:\/\/www.linie41-film.net\/wp-content\/uploads\/2016\/12\/18049553_1961492750747572_650108469_o-1024x482.jpg\" alt=\"18049553_1961492750747572_650108469_o\" width=\"1000\" height=\"471\" srcset=\"http:\/\/www.linie41-film.net\/wp-content\/uploads\/2016\/12\/18049553_1961492750747572_650108469_o-1024x482.jpg 1024w, http:\/\/www.linie41-film.net\/wp-content\/uploads\/2016\/12\/18049553_1961492750747572_650108469_o-300x141.jpg 300w, http:\/\/www.linie41-film.net\/wp-content\/uploads\/2016\/12\/18049553_1961492750747572_650108469_o.jpg 1548w\" sizes=\"auto, (max-width: 1000px) 100vw, 1000px\" \/><\/p>\n<p>\u00a0<img loading=\"lazy\" decoding=\"async\" class=\"aligncenter size-large wp-image-2795\" src=\"http:\/\/www.linie41-film.net\/wp-content\/uploads\/2017\/04\/IMG_4662-1024x466.jpg\" alt=\"IMG_4662\" width=\"1000\" height=\"455\" srcset=\"http:\/\/www.linie41-film.net\/wp-content\/uploads\/2017\/04\/IMG_4662-1024x466.jpg 1024w, http:\/\/www.linie41-film.net\/wp-content\/uploads\/2017\/04\/IMG_4662-300x137.jpg 300w\" sizes=\"auto, (max-width: 1000px) 100vw, 1000px\" \/><\/p>\n<p><img loading=\"lazy\" decoding=\"async\" class=\"aligncenter size-large wp-image-2821\" src=\"http:\/\/www.linie41-film.net\/wp-content\/uploads\/2017\/04\/IMG_4679-1024x512.jpg\" alt=\"IMG_4679\" width=\"1000\" height=\"500\" srcset=\"http:\/\/www.linie41-film.net\/wp-content\/uploads\/2017\/04\/IMG_4679-1024x512.jpg 1024w, http:\/\/www.linie41-film.net\/wp-content\/uploads\/2017\/04\/IMG_4679-300x150.jpg 300w\" sizes=\"auto, (max-width: 1000px) 100vw, 1000px\" \/><\/p>\n<p>&nbsp;<\/p>\n<p>&nbsp;<\/p>\n<h2 style=\"text-align: center;\"><\/h2>\n<h2 style=\"text-align: center;\">Izbica Kujawska (Polen) &#8211; 11. April 2017<\/h2>\n<p style=\"text-align: center;\">11. April 2017 &#8211; Izbica Kujawska- Dom Kultury. Nach der Vorf\u00fchrung Publikumsgespr\u00e4ch mit Natan Grossmann Tanja Cummings und Magdalena Bochman. Fotos Frank R\u00fchlow.<\/p>\n<p><img loading=\"lazy\" decoding=\"async\" class=\"aligncenter size-large wp-image-3332\" src=\"http:\/\/www.linie41-film.net\/wp-content\/uploads\/2016\/02\/18013083_1961145047449009_1962068256_o-1024x683.jpg\" alt=\"18013083_1961145047449009_1962068256_o\" width=\"1000\" height=\"667\" srcset=\"http:\/\/www.linie41-film.net\/wp-content\/uploads\/2016\/02\/18013083_1961145047449009_1962068256_o-1024x683.jpg 1024w, http:\/\/www.linie41-film.net\/wp-content\/uploads\/2016\/02\/18013083_1961145047449009_1962068256_o-300x200.jpg 300w, http:\/\/www.linie41-film.net\/wp-content\/uploads\/2016\/02\/18013083_1961145047449009_1962068256_o.jpg 2048w\" sizes=\"auto, (max-width: 1000px) 100vw, 1000px\" \/><\/p>\n<p style=\"text-align: center;\"><img loading=\"lazy\" decoding=\"async\" class=\"aligncenter size-large wp-image-3382\" src=\"http:\/\/www.linie41-film.net\/wp-content\/uploads\/2016\/12\/17949643_1961146077448906_1520226082_o-1024x683.jpg\" alt=\"17949643_1961146077448906_1520226082_o\" width=\"1000\" height=\"667\" srcset=\"http:\/\/www.linie41-film.net\/wp-content\/uploads\/2016\/12\/17949643_1961146077448906_1520226082_o-1024x683.jpg 1024w, http:\/\/www.linie41-film.net\/wp-content\/uploads\/2016\/12\/17949643_1961146077448906_1520226082_o-300x200.jpg 300w, http:\/\/www.linie41-film.net\/wp-content\/uploads\/2016\/12\/17949643_1961146077448906_1520226082_o.jpg 2048w\" sizes=\"auto, (max-width: 1000px) 100vw, 1000px\" \/><\/p>\n<p style=\"text-align: center;\"><img loading=\"lazy\" decoding=\"async\" class=\"aligncenter size-large wp-image-3065\" src=\"http:\/\/www.linie41-film.net\/wp-content\/uploads\/2017\/04\/17968012_1961145034115677_949517550_o-1024x683.jpg\" alt=\"17968012_1961145034115677_949517550_o\" width=\"1000\" height=\"667\" srcset=\"http:\/\/www.linie41-film.net\/wp-content\/uploads\/2017\/04\/17968012_1961145034115677_949517550_o-1024x683.jpg 1024w, http:\/\/www.linie41-film.net\/wp-content\/uploads\/2017\/04\/17968012_1961145034115677_949517550_o-300x200.jpg 300w, http:\/\/www.linie41-film.net\/wp-content\/uploads\/2017\/04\/17968012_1961145034115677_949517550_o.jpg 2048w\" sizes=\"auto, (max-width: 1000px) 100vw, 1000px\" \/><\/p>\n<h2 style=\"text-align: center;\"><img loading=\"lazy\" decoding=\"async\" class=\"aligncenter size-large wp-image-3340\" src=\"http:\/\/www.linie41-film.net\/wp-content\/uploads\/2016\/02\/18012929_1961146074115573_1768366134_o-1024x683.jpg\" alt=\"18012929_1961146074115573_1768366134_o\" width=\"1000\" height=\"667\" srcset=\"http:\/\/www.linie41-film.net\/wp-content\/uploads\/2016\/02\/18012929_1961146074115573_1768366134_o-1024x683.jpg 1024w, http:\/\/www.linie41-film.net\/wp-content\/uploads\/2016\/02\/18012929_1961146074115573_1768366134_o-300x200.jpg 300w, http:\/\/www.linie41-film.net\/wp-content\/uploads\/2016\/02\/18012929_1961146074115573_1768366134_o.jpg 2048w\" sizes=\"auto, (max-width: 1000px) 100vw, 1000px\" \/><\/h2>\n<h2 style=\"text-align: center;\"><\/h2>\n<h2 style=\"text-align: center;\">\u0141\u00f3d\u017a (Polen) &#8211; 13. April 2017<\/h2>\n<p style=\"text-align: center;\">13. April 2017 &#8211; \u0141\u00f3d\u017a &#8211; Centrum Dialogu. Nach der Vorf\u00fchrung Publikumsgespr\u00e4ch. Von links nach rechts:\u00a0 Micha\u0142 Tr\u0119bacz (Moderation), Natan Grossmann, Dolmetscherin Patrycja Wasilewska, Tanja Cummings und Jens-J\u00fcrgen Ventzki.<\/p>\n<p><img loading=\"lazy\" decoding=\"async\" class=\"aligncenter size-large wp-image-2743\" src=\"http:\/\/www.linie41-film.net\/wp-content\/uploads\/2017\/04\/IMG_4962-1024x462.jpg\" alt=\"IMG_4962\" width=\"1000\" height=\"451\" srcset=\"http:\/\/www.linie41-film.net\/wp-content\/uploads\/2017\/04\/IMG_4962-1024x462.jpg 1024w, http:\/\/www.linie41-film.net\/wp-content\/uploads\/2017\/04\/IMG_4962-300x135.jpg 300w\" sizes=\"auto, (max-width: 1000px) 100vw, 1000px\" \/><\/p>\n<p><img loading=\"lazy\" decoding=\"async\" class=\"aligncenter  wp-image-2693\" src=\"http:\/\/www.linie41-film.net\/wp-content\/uploads\/2017\/04\/IMG_4831-866x1024.jpg\" alt=\"IMG_4831\" width=\"968\" height=\"1144\" srcset=\"http:\/\/www.linie41-film.net\/wp-content\/uploads\/2017\/04\/IMG_4831-866x1024.jpg 866w, http:\/\/www.linie41-film.net\/wp-content\/uploads\/2017\/04\/IMG_4831-254x300.jpg 254w\" sizes=\"auto, (max-width: 968px) 100vw, 968px\" \/><\/p>\n<p style=\"text-align: center;\">FOTO von Anna Cummings<\/p>\n<h3 style=\"text-align: center;\"><img loading=\"lazy\" decoding=\"async\" class=\"aligncenter  wp-image-2759\" src=\"http:\/\/www.linie41-film.net\/wp-content\/uploads\/2017\/04\/IMG_4931-1024x683.jpg\" alt=\"IMG_4931\" width=\"866\" height=\"578\" srcset=\"http:\/\/www.linie41-film.net\/wp-content\/uploads\/2017\/04\/IMG_4931-1024x683.jpg 1024w, http:\/\/www.linie41-film.net\/wp-content\/uploads\/2017\/04\/IMG_4931-300x200.jpg 300w\" sizes=\"auto, (max-width: 866px) 100vw, 866px\" \/><\/h3>\n<p><img loading=\"lazy\" decoding=\"async\" class=\"aligncenter  wp-image-2705\" src=\"http:\/\/www.linie41-film.net\/wp-content\/uploads\/2017\/04\/IMG_4859-1024x734.jpg\" alt=\"IMG_4859\" width=\"834\" height=\"598\" srcset=\"http:\/\/www.linie41-film.net\/wp-content\/uploads\/2017\/04\/IMG_4859-1024x734.jpg 1024w, http:\/\/www.linie41-film.net\/wp-content\/uploads\/2017\/04\/IMG_4859-300x215.jpg 300w\" sizes=\"auto, (max-width: 834px) 100vw, 834px\" \/><\/p>\n<p>&nbsp;<\/p>\n<p>&nbsp;<\/p>\n<p>&nbsp;<\/p>\n<h2 style=\"text-align: center;\">M\u00fcnchen. 5. April 2017<\/h2>\n<p>&nbsp;<\/p>\n<p style=\"text-align: center;\">FOTOs von Sven Schweiger<\/p>\n<p><img loading=\"lazy\" decoding=\"async\" class=\"aligncenter size-full wp-image-3364\" src=\"http:\/\/www.linie41-film.net\/wp-content\/uploads\/2016\/12\/17821186_1500884173315063_716388390_n.jpg\" alt=\"17821186_1500884173315063_716388390_n\" width=\"850\" height=\"567\" srcset=\"http:\/\/www.linie41-film.net\/wp-content\/uploads\/2016\/12\/17821186_1500884173315063_716388390_n.jpg 850w, http:\/\/www.linie41-film.net\/wp-content\/uploads\/2016\/12\/17821186_1500884173315063_716388390_n-300x200.jpg 300w\" sizes=\"auto, (max-width: 850px) 100vw, 850px\" \/><\/p>\n<h2 style=\"text-align: center;\"><img loading=\"lazy\" decoding=\"async\" class=\"aligncenter size-full wp-image-3366\" src=\"http:\/\/www.linie41-film.net\/wp-content\/uploads\/2016\/12\/17814127_1500882876648526_1241635019_n.jpg\" alt=\"17814127_1500882876648526_1241635019_n\" width=\"850\" height=\"567\" srcset=\"http:\/\/www.linie41-film.net\/wp-content\/uploads\/2016\/12\/17814127_1500882876648526_1241635019_n.jpg 850w, http:\/\/www.linie41-film.net\/wp-content\/uploads\/2016\/12\/17814127_1500882876648526_1241635019_n-300x200.jpg 300w\" sizes=\"auto, (max-width: 850px) 100vw, 850px\" \/><\/h2>\n<h2 style=\"text-align: center;\"><\/h2>\n<h2 style=\"text-align: center;\">Minden &#8211; 6. 3. 2017<\/h2>\n<p style=\"text-align: center;\"><strong>\u00a0Verein Deutscher Sinti e.V. Minden Bildungszentrum Mer Ketne<\/strong><\/p>\n<p><img loading=\"lazy\" decoding=\"async\" class=\"aligncenter size-large wp-image-2507\" src=\"http:\/\/www.linie41-film.net\/wp-content\/uploads\/2016\/02\/17218595_172882573218121_486972194776846555_o-1024x683.jpg\" alt=\"17218595_172882573218121_486972194776846555_o\" width=\"1000\" height=\"667\" srcset=\"http:\/\/www.linie41-film.net\/wp-content\/uploads\/2016\/02\/17218595_172882573218121_486972194776846555_o-1024x683.jpg 1024w, http:\/\/www.linie41-film.net\/wp-content\/uploads\/2016\/02\/17218595_172882573218121_486972194776846555_o-300x200.jpg 300w, http:\/\/www.linie41-film.net\/wp-content\/uploads\/2016\/02\/17218595_172882573218121_486972194776846555_o.jpg 1152w\" sizes=\"auto, (max-width: 1000px) 100vw, 1000px\" \/><\/p>\n<p style=\"text-align: center;\">Minden, 6.3.2017,\u00a0 Foto von Frank R\u00fchlow<\/p>\n<h2 style=\"text-align: center;\">Potsdam &#8211; <strong>\u00a0Haus der Fraenger-Gesellschaft,<\/strong> 28. Januar 2017<\/h2>\n<p style=\"text-align: center;\">\u00a0Foto von Sven Schweiger<\/p>\n<p style=\"text-align: center;\"><a href=\"http:\/\/www.linie41-film.net\/wp-content\/uploads\/2016\/02\/16389412_1427136420689839_828669640_o.jpg\"><img loading=\"lazy\" decoding=\"async\" class=\"aligncenter size-large wp-image-2211\" src=\"http:\/\/www.linie41-film.net\/wp-content\/uploads\/2016\/02\/16389412_1427136420689839_828669640_o-1024x683.jpg\" alt=\"16389412_1427136420689839_828669640_o\" width=\"1000\" height=\"667\" srcset=\"http:\/\/www.linie41-film.net\/wp-content\/uploads\/2016\/02\/16389412_1427136420689839_828669640_o-1024x683.jpg 1024w, http:\/\/www.linie41-film.net\/wp-content\/uploads\/2016\/02\/16389412_1427136420689839_828669640_o-300x200.jpg 300w, http:\/\/www.linie41-film.net\/wp-content\/uploads\/2016\/02\/16389412_1427136420689839_828669640_o.jpg 2048w\" sizes=\"auto, (max-width: 1000px) 100vw, 1000px\" \/><\/a>28. 1. 2017. Fraenger Haus. Foto von Sven Schweiger<\/p>\n<h2 style=\"text-align: center;\">Ludwigslust &#8211; zum Holocaust Gedenktag, 27. Januar 2017<\/h2>\n<p style=\"text-align: center;\"><a href=\"http:\/\/www.linie41-film.net\/wp-content\/uploads\/2016\/02\/16388514_1427152340688247_1923158577_o.jpg\"><img loading=\"lazy\" decoding=\"async\" class=\"aligncenter size-large wp-image-2199\" src=\"http:\/\/www.linie41-film.net\/wp-content\/uploads\/2016\/02\/16388514_1427152340688247_1923158577_o-1024x683.jpg\" alt=\"16388514_1427152340688247_1923158577_o\" width=\"1000\" height=\"667\" srcset=\"http:\/\/www.linie41-film.net\/wp-content\/uploads\/2016\/02\/16388514_1427152340688247_1923158577_o-1024x683.jpg 1024w, http:\/\/www.linie41-film.net\/wp-content\/uploads\/2016\/02\/16388514_1427152340688247_1923158577_o-300x200.jpg 300w, http:\/\/www.linie41-film.net\/wp-content\/uploads\/2016\/02\/16388514_1427152340688247_1923158577_o.jpg 2048w\" sizes=\"auto, (max-width: 1000px) 100vw, 1000px\" \/><\/a>27. 1. 2017. Kino\u00a0 Luna &#8211; Ludwigslust. Foto Sven Schweiger<\/p>\n<p style=\"text-align: center;\"><a href=\"http:\/\/www.linie41-film.net\/wp-content\/uploads\/2016\/02\/16443051_1427152930688188_2065394270_o.jpg\"><img loading=\"lazy\" decoding=\"async\" class=\"aligncenter size-large wp-image-2203\" src=\"http:\/\/www.linie41-film.net\/wp-content\/uploads\/2016\/02\/16443051_1427152930688188_2065394270_o-1024x683.jpg\" alt=\"16443051_1427152930688188_2065394270_o\" width=\"1000\" height=\"667\" srcset=\"http:\/\/www.linie41-film.net\/wp-content\/uploads\/2016\/02\/16443051_1427152930688188_2065394270_o-1024x683.jpg 1024w, http:\/\/www.linie41-film.net\/wp-content\/uploads\/2016\/02\/16443051_1427152930688188_2065394270_o-300x200.jpg 300w, http:\/\/www.linie41-film.net\/wp-content\/uploads\/2016\/02\/16443051_1427152930688188_2065394270_o.jpg 2048w\" sizes=\"auto, (max-width: 1000px) 100vw, 1000px\" \/><\/a>Natan Grossmann und Tanja Cummings 27. 1. 2017. Kino\u00a0 Luna &#8211; Ludwigslust. Foto Sven Schweiger<\/p>\n<h2 style=\"text-align: center;\"><\/h2>\n<h2 style=\"text-align: center;\">Schwerin &#8211; Zentrale Veranstaltung zum Holocaust Gedenktag 2017 &#8211; Landtag von Mecklenburg-Vorpommern<\/h2>\n<p style=\"text-align: center;\">BERICHT zur Veranstaltung am 26.1.\u00a0 Youtube-Kanal des Landtags &#8212;-&gt; <a href=\"https:\/\/www.youtube.com\/watch?v=1iiqihPbWHY\" target=\"_blank\" rel=\"nofollow\">https:\/\/www.youtube.com\/watch?v=1iiqihPbWHY<\/a><\/p>\n<p style=\"text-align: center;\"><a href=\"http:\/\/www.linie41-film.net\/wp-content\/uploads\/2016\/02\/csm_9B5A0120-2_5ef7bb4a56.jpg\"><img loading=\"lazy\" decoding=\"async\" class=\"aligncenter size-full wp-image-2174\" src=\"http:\/\/www.linie41-film.net\/wp-content\/uploads\/2016\/02\/csm_9B5A0120-2_5ef7bb4a56.jpg\" alt=\"csm_9B5A0120-2_5ef7bb4a56\" width=\"780\" height=\"600\" srcset=\"http:\/\/www.linie41-film.net\/wp-content\/uploads\/2016\/02\/csm_9B5A0120-2_5ef7bb4a56.jpg 780w, http:\/\/www.linie41-film.net\/wp-content\/uploads\/2016\/02\/csm_9B5A0120-2_5ef7bb4a56-300x231.jpg 300w\" sizes=\"auto, (max-width: 780px) 100vw, 780px\" \/><\/a>26. 1. 2017. Mit Pr\u00e4sidentin des Landtags von Mecklenburg-Vorpommern, Sylvia Bretschneider, Natan Grossmann und Tanja Cummings. Foto Sven Schweiger<\/p>\n<p style=\"text-align: center;\"><a href=\"http:\/\/www.linie41-film.net\/wp-content\/uploads\/2016\/02\/16409141_1427147820688699_231048216_o.jpg\"><img loading=\"lazy\" decoding=\"async\" class=\"aligncenter size-large wp-image-2180\" src=\"http:\/\/www.linie41-film.net\/wp-content\/uploads\/2016\/02\/16409141_1427147820688699_231048216_o-1024x683.jpg\" alt=\"16409141_1427147820688699_231048216_o\" width=\"1000\" height=\"667\" srcset=\"http:\/\/www.linie41-film.net\/wp-content\/uploads\/2016\/02\/16409141_1427147820688699_231048216_o-1024x683.jpg 1024w, http:\/\/www.linie41-film.net\/wp-content\/uploads\/2016\/02\/16409141_1427147820688699_231048216_o-300x200.jpg 300w, http:\/\/www.linie41-film.net\/wp-content\/uploads\/2016\/02\/16409141_1427147820688699_231048216_o.jpg 2048w\" sizes=\"auto, (max-width: 1000px) 100vw, 1000px\" \/><\/a><span id=\"fbPhotoSnowliftCaption\" class=\"fbPhotosPhotoCaption\" tabindex=\"0\" data-ft=\"{&quot;tn&quot;:&quot;K&quot;}\"><span class=\"hasCaption\">Sylvia Bretschneider, Landtagspr\u00e4sidentin von Mecklenburg-Vorpommern, Ramona Ramsenthaler (Leiterin der Mahn- und Gedenkst\u00e4tten W\u00f6bbelin), Natan Grossmann.\u00a0 Foto: Sven Schweiger<\/span><\/span><\/p>\n<p style=\"text-align: center;\"><a href=\"http:\/\/www.linie41-film.net\/wp-content\/uploads\/2016\/02\/16442840_1427158480687633_1207401391_o.jpg\"><img loading=\"lazy\" decoding=\"async\" class=\"aligncenter size-large wp-image-2182\" src=\"http:\/\/www.linie41-film.net\/wp-content\/uploads\/2016\/02\/16442840_1427158480687633_1207401391_o-1024x683.jpg\" alt=\"16442840_1427158480687633_1207401391_o\" width=\"1000\" height=\"667\" srcset=\"http:\/\/www.linie41-film.net\/wp-content\/uploads\/2016\/02\/16442840_1427158480687633_1207401391_o-1024x683.jpg 1024w, http:\/\/www.linie41-film.net\/wp-content\/uploads\/2016\/02\/16442840_1427158480687633_1207401391_o-300x200.jpg 300w, http:\/\/www.linie41-film.net\/wp-content\/uploads\/2016\/02\/16442840_1427158480687633_1207401391_o.jpg 2048w\" sizes=\"auto, (max-width: 1000px) 100vw, 1000px\" \/><\/a> Vorf\u00fchrung im Landtag von Mecklenburg-Vorpommern, Januar 2017. <span id=\"fbPhotoSnowliftCaption\" class=\"fbPhotosPhotoCaption\" tabindex=\"0\" data-ft=\"{&quot;tn&quot;:&quot;K&quot;}\"><span class=\"hasCaption\">Foto: Sven Schweiger<\/span><\/span><\/p>\n<p style=\"text-align: center;\"><a href=\"http:\/\/www.linie41-film.net\/wp-content\/uploads\/2016\/02\/16466016_1427156787354469_1309888172_o.jpg\"><img loading=\"lazy\" decoding=\"async\" class=\"aligncenter size-large wp-image-2186\" src=\"http:\/\/www.linie41-film.net\/wp-content\/uploads\/2016\/02\/16466016_1427156787354469_1309888172_o-1024x683.jpg\" alt=\"16466016_1427156787354469_1309888172_o\" width=\"1000\" height=\"667\" srcset=\"http:\/\/www.linie41-film.net\/wp-content\/uploads\/2016\/02\/16466016_1427156787354469_1309888172_o-1024x683.jpg 1024w, http:\/\/www.linie41-film.net\/wp-content\/uploads\/2016\/02\/16466016_1427156787354469_1309888172_o-300x200.jpg 300w, http:\/\/www.linie41-film.net\/wp-content\/uploads\/2016\/02\/16466016_1427156787354469_1309888172_o.jpg 2048w\" sizes=\"auto, (max-width: 1000px) 100vw, 1000px\" \/><\/a>Vorf\u00fchrung im Landtag von Mecklenburg-Vorpommern, Januar 2017, <span id=\"fbPhotoSnowliftCaption\" class=\"fbPhotosPhotoCaption\" tabindex=\"0\" data-ft=\"{&quot;tn&quot;:&quot;K&quot;}\"><span class=\"hasCaption\">Foto: Sven Schweiger<\/span><\/span><\/p>\n<p style=\"text-align: center;\"><a href=\"http:\/\/www.linie41-film.net\/wp-content\/uploads\/2016\/02\/16443987_1427153927354755_1597009925_o.jpg\"><img loading=\"lazy\" decoding=\"async\" class=\"aligncenter size-large wp-image-2184\" src=\"http:\/\/www.linie41-film.net\/wp-content\/uploads\/2016\/02\/16443987_1427153927354755_1597009925_o-1024x683.jpg\" alt=\"16443987_1427153927354755_1597009925_o\" width=\"1000\" height=\"667\" srcset=\"http:\/\/www.linie41-film.net\/wp-content\/uploads\/2016\/02\/16443987_1427153927354755_1597009925_o-1024x683.jpg 1024w, http:\/\/www.linie41-film.net\/wp-content\/uploads\/2016\/02\/16443987_1427153927354755_1597009925_o-300x200.jpg 300w, http:\/\/www.linie41-film.net\/wp-content\/uploads\/2016\/02\/16443987_1427153927354755_1597009925_o.jpg 2048w\" sizes=\"auto, (max-width: 1000px) 100vw, 1000px\" \/><\/a>Vorf\u00fchrung im Landtag von Mecklenburg-Vorpommern, Januar 2017, <span id=\"fbPhotoSnowliftCaption\" class=\"fbPhotosPhotoCaption\" tabindex=\"0\" data-ft=\"{&quot;tn&quot;:&quot;K&quot;}\"><span class=\"hasCaption\">Foto: Sven Schweiger<\/span><\/span><\/p>\n<h2 style=\"text-align: center;\">Berlin &#8211; Landeszentrale f\u00fcr politische Bildung &#8211; 9. November 2016<\/h2>\n<p>9. November 2016 &#8211; Publikumsgespr\u00e4ch mit Natan Grossmann, Jens-J\u00fcrgen Ventzki, Tanja Cummings und <span class=\"_4n-j _3cht fsl\">Tino Schmidt (FU Berlin, Institut f\u00fcr Judastik). Stills aus Filmaufnahmen von Jakob Wei\u00df (EVA-Verein)<br \/>\n<\/span><\/p>\n<p>&nbsp;<\/p>\n<p><a href=\"http:\/\/www.linie41-film.net\/wp-content\/uploads\/2016\/02\/Berlin2016-01.jpg\"><img loading=\"lazy\" decoding=\"async\" class=\"aligncenter  wp-image-2114\" src=\"http:\/\/www.linie41-film.net\/wp-content\/uploads\/2016\/02\/Berlin2016-01-1024x460.jpg\" alt=\"Berlin2016-01\" width=\"886\" height=\"398\" srcset=\"http:\/\/www.linie41-film.net\/wp-content\/uploads\/2016\/02\/Berlin2016-01-1024x460.jpg 1024w, http:\/\/www.linie41-film.net\/wp-content\/uploads\/2016\/02\/Berlin2016-01-300x135.jpg 300w, http:\/\/www.linie41-film.net\/wp-content\/uploads\/2016\/02\/Berlin2016-01.jpg 1688w\" sizes=\"auto, (max-width: 886px) 100vw, 886px\" \/><\/a><\/p>\n<p><a href=\"http:\/\/www.linie41-film.net\/wp-content\/uploads\/2016\/02\/Berlin2016-03.jpg\"><img loading=\"lazy\" decoding=\"async\" class=\"aligncenter  wp-image-2118\" src=\"http:\/\/www.linie41-film.net\/wp-content\/uploads\/2016\/02\/Berlin2016-03-1024x576.jpg\" alt=\"Berlin2016-03\" width=\"879\" height=\"495\" srcset=\"http:\/\/www.linie41-film.net\/wp-content\/uploads\/2016\/02\/Berlin2016-03-1024x576.jpg 1024w, http:\/\/www.linie41-film.net\/wp-content\/uploads\/2016\/02\/Berlin2016-03-300x169.jpg 300w, http:\/\/www.linie41-film.net\/wp-content\/uploads\/2016\/02\/Berlin2016-03-800x450.jpg 800w, http:\/\/www.linie41-film.net\/wp-content\/uploads\/2016\/02\/Berlin2016-03-413x232.jpg 413w, http:\/\/www.linie41-film.net\/wp-content\/uploads\/2016\/02\/Berlin2016-03.jpg 1920w\" sizes=\"auto, (max-width: 879px) 100vw, 879px\" \/><\/a><\/p>\n<p><a href=\"http:\/\/www.linie41-film.net\/wp-content\/uploads\/2016\/02\/Berlin2016-04.jpg\"><img loading=\"lazy\" decoding=\"async\" class=\"aligncenter  wp-image-2120\" src=\"http:\/\/www.linie41-film.net\/wp-content\/uploads\/2016\/02\/Berlin2016-04-1024x884.jpg\" alt=\"Berlin2016-04\" width=\"880\" height=\"759\" srcset=\"http:\/\/www.linie41-film.net\/wp-content\/uploads\/2016\/02\/Berlin2016-04-1024x884.jpg 1024w, http:\/\/www.linie41-film.net\/wp-content\/uploads\/2016\/02\/Berlin2016-04-300x259.jpg 300w, http:\/\/www.linie41-film.net\/wp-content\/uploads\/2016\/02\/Berlin2016-04.jpg 1158w\" sizes=\"auto, (max-width: 880px) 100vw, 880px\" \/><\/a><\/p>\n<p><a href=\"http:\/\/www.linie41-film.net\/wp-content\/uploads\/2016\/02\/Berlin2016-02.jpg\"><img loading=\"lazy\" decoding=\"async\" class=\"aligncenter  wp-image-2116\" src=\"http:\/\/www.linie41-film.net\/wp-content\/uploads\/2016\/02\/Berlin2016-02-1024x576.jpg\" alt=\"Berlin2016-02\" width=\"877\" height=\"493\" srcset=\"http:\/\/www.linie41-film.net\/wp-content\/uploads\/2016\/02\/Berlin2016-02-1024x576.jpg 1024w, http:\/\/www.linie41-film.net\/wp-content\/uploads\/2016\/02\/Berlin2016-02-300x169.jpg 300w, http:\/\/www.linie41-film.net\/wp-content\/uploads\/2016\/02\/Berlin2016-02-800x450.jpg 800w, http:\/\/www.linie41-film.net\/wp-content\/uploads\/2016\/02\/Berlin2016-02-413x232.jpg 413w, http:\/\/www.linie41-film.net\/wp-content\/uploads\/2016\/02\/Berlin2016-02.jpg 1920w\" sizes=\"auto, (max-width: 877px) 100vw, 877px\" \/><\/a><\/p>\n<p>&nbsp;<\/p>\n<h2 style=\"text-align: center;\">Frankfurt\/Oder &#8211; Viadrina<\/h2>\n<h2 style=\"text-align: center;\">8. November 2016<\/h2>\n<p>8. November 2016 &#8211; Publikumsgespr\u00e4ch mit Natan Grossmann, Jens-J\u00fcrgen Ventzki, Tanja Cummings und <span class=\"_4n-j _3cht fsl\"> Prof. Dr. Kerstin Schoor (Moderation \u2013 Axel Springer-Stiftungsprofessur f\u00fcr deutsch-j\u00fcdische Literatur- und Kulturgeschichte, Exil und Migration). <\/span><\/p>\n<p style=\"text-align: center;\"><a href=\"http:\/\/www.linie41-film.net\/wp-content\/uploads\/2016\/02\/DSC01648.jpg\"><img loading=\"lazy\" decoding=\"async\" class=\"aligncenter size-large wp-image-2086\" src=\"http:\/\/www.linie41-film.net\/wp-content\/uploads\/2016\/02\/DSC01648-1024x682.jpg\" alt=\"DSC01648\" width=\"1000\" height=\"666\" srcset=\"http:\/\/www.linie41-film.net\/wp-content\/uploads\/2016\/02\/DSC01648-1024x682.jpg 1024w, http:\/\/www.linie41-film.net\/wp-content\/uploads\/2016\/02\/DSC01648-300x200.jpg 300w\" sizes=\"auto, (max-width: 1000px) 100vw, 1000px\" \/><\/a>\u00a0\u00a0 FOTO von <span class=\"_4n-j _3cht fsl\">Axel Springer-Stiftungsprofessur f\u00fcr deutsch-j\u00fcdische Literatur- und Kulturgeschichte, Exil und Migration<\/span><a href=\"http:\/\/www.linie41-film.net\/wp-content\/uploads\/2016\/02\/DSC01652.jpg\"><img loading=\"lazy\" decoding=\"async\" class=\"aligncenter size-large wp-image-2090\" src=\"http:\/\/www.linie41-film.net\/wp-content\/uploads\/2016\/02\/DSC01652-1024x682.jpg\" alt=\"DSC01652\" width=\"1000\" height=\"666\" srcset=\"http:\/\/www.linie41-film.net\/wp-content\/uploads\/2016\/02\/DSC01652-1024x682.jpg 1024w, http:\/\/www.linie41-film.net\/wp-content\/uploads\/2016\/02\/DSC01652-300x200.jpg 300w\" sizes=\"auto, (max-width: 1000px) 100vw, 1000px\" \/><\/a>\u00a0\u00a0 FOTO von <span class=\"_4n-j _3cht fsl\">Axel Springer-Stiftungsprofessur f\u00fcr deutsch-j\u00fcdische Literatur- und Kulturgeschichte, Exil und Migration<\/span><\/p>\n<p style=\"text-align: center;\"><a href=\"http:\/\/www.linie41-film.net\/wp-content\/uploads\/2016\/02\/DSC01654.jpg\"><img loading=\"lazy\" decoding=\"async\" class=\"aligncenter size-large wp-image-2092\" src=\"http:\/\/www.linie41-film.net\/wp-content\/uploads\/2016\/02\/DSC01654-1024x682.jpg\" alt=\"DSC01654\" width=\"1000\" height=\"666\" srcset=\"http:\/\/www.linie41-film.net\/wp-content\/uploads\/2016\/02\/DSC01654-1024x682.jpg 1024w, http:\/\/www.linie41-film.net\/wp-content\/uploads\/2016\/02\/DSC01654-300x200.jpg 300w\" sizes=\"auto, (max-width: 1000px) 100vw, 1000px\" \/><\/a>\u00a0\u00a0 FOTO von <span class=\"_4n-j _3cht fsl\">Axel Springer-Stiftungsprofessur f\u00fcr deutsch-j\u00fcdische Literatur- und Kulturgeschichte, Exil und Migration<\/span><\/p>\n<p style=\"text-align: center;\"><a href=\"http:\/\/www.linie41-film.net\/wp-content\/uploads\/2016\/02\/DSC01657.jpg\"><img loading=\"lazy\" decoding=\"async\" class=\"aligncenter size-large wp-image-2094\" src=\"http:\/\/www.linie41-film.net\/wp-content\/uploads\/2016\/02\/DSC01657-1024x682.jpg\" alt=\"DSC01657\" width=\"1000\" height=\"666\" srcset=\"http:\/\/www.linie41-film.net\/wp-content\/uploads\/2016\/02\/DSC01657-1024x682.jpg 1024w, http:\/\/www.linie41-film.net\/wp-content\/uploads\/2016\/02\/DSC01657-300x200.jpg 300w\" sizes=\"auto, (max-width: 1000px) 100vw, 1000px\" \/><\/a>\u00a0\u00a0 FOTO von <span class=\"_4n-j _3cht fsl\">Axel Springer-Stiftungsprofessur f\u00fcr deutsch-j\u00fcdische Literatur- und Kulturgeschichte, Exil und Migration<\/span><\/p>\n<h2 style=\"text-align: center;\">\u0141\u00f3d\u017a &#8211; 28. Oktober 2016<\/h2>\n<p>Oktober 2016 &#8211; \u0141\u00f3d\u017a &#8211; Centrum Dialogu &#8211; nach der Vorf\u00fchrung &#8211; Publikumsgespr\u00e4ch mit Jens-J\u00fcrgen Ventzki, Ewa Wiatr (Universit\u00e4t \u0141\u00f3d\u017a), Tanja Cummings &#8211; gedolmetscht durch Patrycja Wasilewska. FOTOS von Jakob Wei\u00df<\/p>\n<p><a href=\"http:\/\/www.linie41-film.net\/wp-content\/uploads\/2016\/02\/IMG_3478-a.jpg\"><img loading=\"lazy\" decoding=\"async\" class=\"aligncenter size-large wp-image-1984\" src=\"http:\/\/www.linie41-film.net\/wp-content\/uploads\/2016\/02\/IMG_3478-a-1024x443.jpg\" alt=\"IMG_3478-a\" width=\"1000\" height=\"433\" srcset=\"http:\/\/www.linie41-film.net\/wp-content\/uploads\/2016\/02\/IMG_3478-a-1024x443.jpg 1024w, http:\/\/www.linie41-film.net\/wp-content\/uploads\/2016\/02\/IMG_3478-a-300x130.jpg 300w\" sizes=\"auto, (max-width: 1000px) 100vw, 1000px\" \/><\/a><\/p>\n<p><a href=\"http:\/\/www.linie41-film.net\/wp-content\/uploads\/2016\/02\/IMG_3481-a.jpg\"><img loading=\"lazy\" decoding=\"async\" class=\"aligncenter size-large wp-image-1988\" src=\"http:\/\/www.linie41-film.net\/wp-content\/uploads\/2016\/02\/IMG_3481-a-1024x734.jpg\" alt=\"IMG_3481-a\" width=\"1000\" height=\"717\" srcset=\"http:\/\/www.linie41-film.net\/wp-content\/uploads\/2016\/02\/IMG_3481-a-1024x734.jpg 1024w, http:\/\/www.linie41-film.net\/wp-content\/uploads\/2016\/02\/IMG_3481-a-300x215.jpg 300w\" sizes=\"auto, (max-width: 1000px) 100vw, 1000px\" \/><\/a><\/p>\n<p style=\"text-align: center;\"><a href=\"http:\/\/www.linie41-film.net\/wp-content\/uploads\/2016\/02\/IMG_3495-a.jpg\"><img loading=\"lazy\" decoding=\"async\" class=\"aligncenter size-large wp-image-1995\" src=\"http:\/\/www.linie41-film.net\/wp-content\/uploads\/2016\/02\/IMG_3495-a-1024x630.jpg\" alt=\"IMG_3495-a\" width=\"1000\" height=\"615\" srcset=\"http:\/\/www.linie41-film.net\/wp-content\/uploads\/2016\/02\/IMG_3495-a-1024x630.jpg 1024w, http:\/\/www.linie41-film.net\/wp-content\/uploads\/2016\/02\/IMG_3495-a-300x185.jpg 300w\" sizes=\"auto, (max-width: 1000px) 100vw, 1000px\" \/><\/a>Oktober 2016 &#8211; \u0141\u00f3d\u017a &#8211; Centrum Dialogu &#8211; Ewa Wiatr (Universit\u00e4t \u0141\u00f3d\u017a),\u00a0 Patrycja Wasilewska, Jens-J\u00fcrgen Ventzki,\u00a0Tanja Cummings<\/p>\n<p style=\"text-align: center;\">***<\/p>\n<h2 style=\"text-align: center;\">EMDEN &#8211; Oktober 2016<a href=\"http:\/\/www.linie41-film.net\/wp-content\/uploads\/2016\/02\/IMG_3421-kl.jpg\"><img loading=\"lazy\" decoding=\"async\" class=\"aligncenter size-large wp-image-1966\" src=\"http:\/\/www.linie41-film.net\/wp-content\/uploads\/2016\/02\/IMG_3421-kl-1024x682.jpg\" alt=\"IMG_3421-kl\" width=\"1000\" height=\"666\" srcset=\"http:\/\/www.linie41-film.net\/wp-content\/uploads\/2016\/02\/IMG_3421-kl-1024x682.jpg 1024w, http:\/\/www.linie41-film.net\/wp-content\/uploads\/2016\/02\/IMG_3421-kl-300x200.jpg 300w, http:\/\/www.linie41-film.net\/wp-content\/uploads\/2016\/02\/IMG_3421-kl.jpg 1772w\" sizes=\"auto, (max-width: 1000px) 100vw, 1000px\" \/><\/a><\/h2>\n<p><a href=\"http:\/\/www.linie41-film.net\/wp-content\/uploads\/2016\/02\/IMG_3337-kl.jpg\"><img loading=\"lazy\" decoding=\"async\" class=\"aligncenter size-large wp-image-1956\" src=\"http:\/\/www.linie41-film.net\/wp-content\/uploads\/2016\/02\/IMG_3337-kl-1024x591.jpg\" alt=\"IMG_3337-kl\" width=\"1000\" height=\"577\" srcset=\"http:\/\/www.linie41-film.net\/wp-content\/uploads\/2016\/02\/IMG_3337-kl-1024x591.jpg 1024w, http:\/\/www.linie41-film.net\/wp-content\/uploads\/2016\/02\/IMG_3337-kl-300x173.jpg 300w, http:\/\/www.linie41-film.net\/wp-content\/uploads\/2016\/02\/IMG_3337-kl.jpg 1772w\" sizes=\"auto, (max-width: 1000px) 100vw, 1000px\" \/><\/a><\/p>\n<p style=\"text-align: center;\">Oktober 2016 &#8211; Hauptprotagonisten Jens-J\u00fcrgen Ventzki und Natan Grossmann gemeinsam in Emden.<\/p>\n<p style=\"text-align: center;\"><a href=\"http:\/\/www.linie41-film.net\/wp-content\/uploads\/2016\/02\/IMG_3381-kl.jpg\"><img loading=\"lazy\" decoding=\"async\" class=\"aligncenter size-large wp-image-1950\" src=\"http:\/\/www.linie41-film.net\/wp-content\/uploads\/2016\/02\/IMG_3381-kl-1024x630.jpg\" alt=\"IMG_3381-kl\" width=\"1000\" height=\"615\" srcset=\"http:\/\/www.linie41-film.net\/wp-content\/uploads\/2016\/02\/IMG_3381-kl-1024x630.jpg 1024w, http:\/\/www.linie41-film.net\/wp-content\/uploads\/2016\/02\/IMG_3381-kl-300x185.jpg 300w, http:\/\/www.linie41-film.net\/wp-content\/uploads\/2016\/02\/IMG_3381-kl.jpg 1772w\" sizes=\"auto, (max-width: 1000px) 100vw, 1000px\" \/><\/a>Oktober 2016 &#8211; Hauptprotagonisten Jens-J\u00fcrgen Ventzki und Natan Grossmann im <a href=\"http:\/\/www.bunkermuseum.de\/\">Bunkermuseum <\/a>von Emden.<\/p>\n<p style=\"text-align: center;\"><a href=\"http:\/\/www.linie41-film.net\/wp-content\/uploads\/2016\/02\/IMG_3415-kl.jpg\"><img loading=\"lazy\" decoding=\"async\" class=\"aligncenter  wp-image-1980\" src=\"http:\/\/www.linie41-film.net\/wp-content\/uploads\/2016\/02\/IMG_3415-kl-1024x691.jpg\" alt=\"IMG_3415-kl\" width=\"816\" height=\"551\" srcset=\"http:\/\/www.linie41-film.net\/wp-content\/uploads\/2016\/02\/IMG_3415-kl-1024x691.jpg 1024w, http:\/\/www.linie41-film.net\/wp-content\/uploads\/2016\/02\/IMG_3415-kl-300x202.jpg 300w, http:\/\/www.linie41-film.net\/wp-content\/uploads\/2016\/02\/IMG_3415-kl.jpg 1772w\" sizes=\"auto, (max-width: 816px) 100vw, 816px\" \/><\/a>Oktober 2016 &#8211; nach der Vorf\u00fchrung in der VHS Emden.<\/p>\n<h2 style=\"text-align: center;\">Warschau\/Warszawa &#8211; 27. Oktober 2016<\/h2>\n<p>Polnische Premiere von LINIE 41 im<a href=\"http:\/\/www.jhi.pl\/\"> \u017bydowski Instytut Historyczny im. Emanuela Ringelbluma (J\u00fcdisches Historisches Institut Warschau)<\/a> am 27. 10. 2016. FOTO von Jakob Weiss. Publikumsgespr\u00e4ch mit Jens-J\u00fcrgen Ventzki, Dolmetscherin Joanna Ziemska, Tanja Cummings (Regie) und Anka Chylak vom J\u00fcdisches Historisches Institut Warschau.<\/p>\n<p><a href=\"http:\/\/www.linie41-film.net\/wp-content\/uploads\/2016\/02\/IMG_3454.jpg\"><img loading=\"lazy\" decoding=\"async\" class=\"aligncenter size-large wp-image-1904\" src=\"http:\/\/www.linie41-film.net\/wp-content\/uploads\/2016\/02\/IMG_3454-1024x738.jpg\" alt=\"IMG_3454\" width=\"1000\" height=\"721\" srcset=\"http:\/\/www.linie41-film.net\/wp-content\/uploads\/2016\/02\/IMG_3454-1024x738.jpg 1024w, http:\/\/www.linie41-film.net\/wp-content\/uploads\/2016\/02\/IMG_3454-300x216.jpg 300w\" sizes=\"auto, (max-width: 1000px) 100vw, 1000px\" \/><\/a><\/p>\n<p style=\"text-align: center;\"><a href=\"http:\/\/www.linie41-film.net\/wp-content\/uploads\/2016\/02\/IMG_3466-kl.jpg\"><img loading=\"lazy\" decoding=\"async\" class=\"aligncenter size-large wp-image-1997\" src=\"http:\/\/www.linie41-film.net\/wp-content\/uploads\/2016\/02\/IMG_3466-kl-806x1024.jpg\" alt=\"IMG_3466-kl\" width=\"806\" height=\"1024\" srcset=\"http:\/\/www.linie41-film.net\/wp-content\/uploads\/2016\/02\/IMG_3466-kl-806x1024.jpg 806w, http:\/\/www.linie41-film.net\/wp-content\/uploads\/2016\/02\/IMG_3466-kl-236x300.jpg 236w, http:\/\/www.linie41-film.net\/wp-content\/uploads\/2016\/02\/IMG_3466-kl.jpg 1417w\" sizes=\"auto, (max-width: 806px) 100vw, 806px\" \/><\/a><\/p>\n<p style=\"text-align: center;\">Jens-J\u00fcrgen Ventzki und unsere wundervolle Dolmetscherin Joanna Ziemska<\/p>\n<h2 style=\"text-align: center;\"><\/h2>\n<h2 style=\"text-align: center;\">Potsdam &#8211; Juni 2016 &#8211; J\u00fcdisches Filmfestival Berlin &amp; Brandenburg<\/h2>\n<p><a href=\"http:\/\/www.linie41-film.net\/wp-content\/uploads\/2016\/02\/IMG_3179-e1466250945612.jpg\"><img loading=\"lazy\" decoding=\"async\" class=\"alignleft  wp-image-1533\" src=\"http:\/\/www.linie41-film.net\/wp-content\/uploads\/2016\/02\/IMG_3179-1024x519.jpg\" alt=\"IMG_3179\" width=\"826\" height=\"419\" \/><\/a><\/p>\n<p>&nbsp;<\/p>\n<p>FILMMUSEUM POTSDAM auf dem J\u00fcdischen Filmfestival Berlin &amp; Brandenburg, 15. 6. 2016. FOTO von Marek Iwicki.\u00a0 Mit Natan Grossmann, Tanja Cummings und Jens-J\u00fcrgen Ventzki<\/p>\n<p>&nbsp;<\/p>\n<p>&nbsp;<\/p>\n<h2 style=\"text-align: center;\"><\/h2>\n<h2 style=\"text-align: center;\"><\/h2>\n<h2 style=\"text-align: center;\">M\u00fcnchen NS-Dokumentationszentrum &#8211; Januar 2016<\/h2>\n<p><a href=\"http:\/\/www.linie41-film.net\/wp-content\/uploads\/2016\/02\/12544727_915727418547417_648014702_o.jpg\"><img loading=\"lazy\" decoding=\"async\" class=\"alignnone size-large wp-image-1301\" src=\"http:\/\/www.linie41-film.net\/wp-content\/uploads\/2016\/02\/12544727_915727418547417_648014702_o-1024x642.jpg\" alt=\"12544727_915727418547417_648014702_o\" width=\"1000\" height=\"627\" srcset=\"http:\/\/www.linie41-film.net\/wp-content\/uploads\/2016\/02\/12544727_915727418547417_648014702_o-1024x642.jpg 1024w, http:\/\/www.linie41-film.net\/wp-content\/uploads\/2016\/02\/12544727_915727418547417_648014702_o-300x188.jpg 300w, http:\/\/www.linie41-film.net\/wp-content\/uploads\/2016\/02\/12544727_915727418547417_648014702_o.jpg 2048w\" sizes=\"auto, (max-width: 1000px) 100vw, 1000px\" \/><\/a><\/p>\n<p>&nbsp;<\/p>\n<p>&nbsp;<\/p>\n<p><a href=\"http:\/\/www.linie41-film.net\/wp-content\/uploads\/2016\/02\/Linie41-Muenchen-Filmtage_Jan2016_03.jpg\"><img loading=\"lazy\" decoding=\"async\" class=\" size-large wp-image-1325 aligncenter\" src=\"http:\/\/www.linie41-film.net\/wp-content\/uploads\/2016\/02\/Linie41-Muenchen-Filmtage_Jan2016_03-681x1024.jpg\" alt=\"Linie41-Muenchen-Filmtage_Jan2016_03\" width=\"681\" height=\"1024\" srcset=\"http:\/\/www.linie41-film.net\/wp-content\/uploads\/2016\/02\/Linie41-Muenchen-Filmtage_Jan2016_03-681x1024.jpg 681w, http:\/\/www.linie41-film.net\/wp-content\/uploads\/2016\/02\/Linie41-Muenchen-Filmtage_Jan2016_03-200x300.jpg 200w, http:\/\/www.linie41-film.net\/wp-content\/uploads\/2016\/02\/Linie41-Muenchen-Filmtage_Jan2016_03.jpg 1362w\" sizes=\"auto, (max-width: 681px) 100vw, 681px\" \/><\/a><\/p>\n<p>M\u00dcNCHEN. NS-Dokumentationszentrum, J\u00fcdische Filmtage, 20.1.2016. Podiumsgespr\u00e4ch: Protagonisten Natan Grossmann, Jens-J\u00fcrgen Ventzki, Regisseurin Tanja Cummings und Moderatorin Dr. Andrea L\u00f6w. FOTO von Marek Iwicki<\/p>\n<p>&nbsp;<\/p>\n<p><a href=\"http:\/\/www.linie41-film.net\/wp-content\/uploads\/2016\/02\/Linie41-Muenchen-Filmtage_Jan2016_01.jpg\"><img loading=\"lazy\" decoding=\"async\" class=\"alignnone size-large wp-image-1321\" src=\"http:\/\/www.linie41-film.net\/wp-content\/uploads\/2016\/02\/Linie41-Muenchen-Filmtage_Jan2016_01-1024x682.jpg\" alt=\"Linie41-Muenchen-Filmtage_Jan2016_01\" width=\"1000\" height=\"666\" srcset=\"http:\/\/www.linie41-film.net\/wp-content\/uploads\/2016\/02\/Linie41-Muenchen-Filmtage_Jan2016_01-1024x682.jpg 1024w, http:\/\/www.linie41-film.net\/wp-content\/uploads\/2016\/02\/Linie41-Muenchen-Filmtage_Jan2016_01-300x200.jpg 300w, http:\/\/www.linie41-film.net\/wp-content\/uploads\/2016\/02\/Linie41-Muenchen-Filmtage_Jan2016_01.jpg 2048w\" sizes=\"auto, (max-width: 1000px) 100vw, 1000px\" \/><\/a><\/p>\n<p><a href=\"http:\/\/www.linie41-film.net\/wp-content\/uploads\/2016\/02\/Linie41-Muenchen-Filmtage_Jan2016_02.jpg\"><img loading=\"lazy\" decoding=\"async\" class=\"alignnone size-large wp-image-1323\" src=\"http:\/\/www.linie41-film.net\/wp-content\/uploads\/2016\/02\/Linie41-Muenchen-Filmtage_Jan2016_02-1024x682.jpg\" alt=\"Linie41-Muenchen-Filmtage_Jan2016_02\" width=\"1000\" height=\"666\" srcset=\"http:\/\/www.linie41-film.net\/wp-content\/uploads\/2016\/02\/Linie41-Muenchen-Filmtage_Jan2016_02-1024x682.jpg 1024w, http:\/\/www.linie41-film.net\/wp-content\/uploads\/2016\/02\/Linie41-Muenchen-Filmtage_Jan2016_02-300x200.jpg 300w, http:\/\/www.linie41-film.net\/wp-content\/uploads\/2016\/02\/Linie41-Muenchen-Filmtage_Jan2016_02.jpg 2048w\" sizes=\"auto, (max-width: 1000px) 100vw, 1000px\" \/><\/a><\/p>\n<p>M\u00dcNCHEN. NS-Dokumentationszentrum, J\u00fcdische Filmtage, 20.1.2016 (FOTO von Marek Iwicki)<\/p>\n<h2 style=\"text-align: center;\"><a href=\"http:\/\/www.linie41-film.net\/wp-content\/uploads\/2016\/02\/Linie41-Muenchen-Filmtage_Jan2016_04.jpg\"><img loading=\"lazy\" decoding=\"async\" class=\"alignnone size-large wp-image-1327\" src=\"http:\/\/www.linie41-film.net\/wp-content\/uploads\/2016\/02\/Linie41-Muenchen-Filmtage_Jan2016_04-682x1024.jpg\" alt=\"Linie41-Muenchen-Filmtage_Jan2016_04\" width=\"682\" height=\"1024\" srcset=\"http:\/\/www.linie41-film.net\/wp-content\/uploads\/2016\/02\/Linie41-Muenchen-Filmtage_Jan2016_04-682x1024.jpg 682w, http:\/\/www.linie41-film.net\/wp-content\/uploads\/2016\/02\/Linie41-Muenchen-Filmtage_Jan2016_04-200x300.jpg 200w, http:\/\/www.linie41-film.net\/wp-content\/uploads\/2016\/02\/Linie41-Muenchen-Filmtage_Jan2016_04.jpg 1363w\" sizes=\"auto, (max-width: 682px) 100vw, 682px\" \/><\/a><\/h2>\n<p style=\"text-align: center;\">M\u00dcNCHEN. NS-Dokumentationszentrum, J\u00fcdische Filmtage, 20.1.2016 (FOTO von Marek Iwicki)<\/p>\n<p>&nbsp;<\/p>\n<p>M\u00dcNCHEN: NS-Dokumentationszentrum, J\u00fcdische Filmtage, 20.1.2016 (FOTO von Marek Iwicki)<\/p>\n<p><a href=\"http:\/\/www.linie41-film.net\/wp-content\/uploads\/2016\/02\/Linie41-Muenchen-Filmtage_Jan2016_05.jpg\"><img loading=\"lazy\" decoding=\"async\" class=\"alignnone size-large wp-image-1329\" src=\"http:\/\/www.linie41-film.net\/wp-content\/uploads\/2016\/02\/Linie41-Muenchen-Filmtage_Jan2016_05-1024x682.jpg\" alt=\"Linie41-Muenchen-Filmtage_Jan2016_05\" width=\"1000\" height=\"666\" srcset=\"http:\/\/www.linie41-film.net\/wp-content\/uploads\/2016\/02\/Linie41-Muenchen-Filmtage_Jan2016_05-1024x682.jpg 1024w, http:\/\/www.linie41-film.net\/wp-content\/uploads\/2016\/02\/Linie41-Muenchen-Filmtage_Jan2016_05-300x200.jpg 300w, http:\/\/www.linie41-film.net\/wp-content\/uploads\/2016\/02\/Linie41-Muenchen-Filmtage_Jan2016_05.jpg 2048w\" sizes=\"auto, (max-width: 1000px) 100vw, 1000px\" \/><\/a><\/p>\n<p>M\u00dcNCHEN: NS-Dokumentationszentrum, J\u00fcdische Filmtage, 20.1.2016. Podiumsgespr\u00e4ch: Protagonisten Natan Grossmann, Jens-J\u00fcrgen Ventzki, Regisseurin Tanja Cummings und Moderatorin Dr. Andrea L\u00f6w. FOTO von Marek Iwicki<\/p>\n<p><a href=\"http:\/\/www.linie41-film.net\/wp-content\/uploads\/2016\/02\/Linie41-Muenchen-Filmtage_Jan2016_06.jpg\"><img loading=\"lazy\" decoding=\"async\" class=\"alignnone size-large wp-image-1331\" src=\"http:\/\/www.linie41-film.net\/wp-content\/uploads\/2016\/02\/Linie41-Muenchen-Filmtage_Jan2016_06-1024x682.jpg\" alt=\"Linie41-Muenchen-Filmtage_Jan2016_06\" width=\"1000\" height=\"666\" srcset=\"http:\/\/www.linie41-film.net\/wp-content\/uploads\/2016\/02\/Linie41-Muenchen-Filmtage_Jan2016_06-1024x682.jpg 1024w, http:\/\/www.linie41-film.net\/wp-content\/uploads\/2016\/02\/Linie41-Muenchen-Filmtage_Jan2016_06-300x200.jpg 300w, http:\/\/www.linie41-film.net\/wp-content\/uploads\/2016\/02\/Linie41-Muenchen-Filmtage_Jan2016_06.jpg 2048w\" sizes=\"auto, (max-width: 1000px) 100vw, 1000px\" \/><\/a><\/p>\n<p>M\u00dcNCHEN: NS-Dokumentationszentrum M\u00fcnchen, J\u00fcdische Filmtage, 20.1.2016 (FOTO von Marek Iwicki)<\/p>\n<p><a href=\"http:\/\/www.linie41-film.net\/wp-content\/uploads\/2016\/02\/Linie41-Muenchen-Filmtage_Jan2016_012.jpg\"><img loading=\"lazy\" decoding=\"async\" class=\"alignnone size-large wp-image-1333\" src=\"http:\/\/www.linie41-film.net\/wp-content\/uploads\/2016\/02\/Linie41-Muenchen-Filmtage_Jan2016_012-1024x682.jpg\" alt=\"Linie41-Muenchen-Filmtage_Jan2016_012\" width=\"1000\" height=\"666\" srcset=\"http:\/\/www.linie41-film.net\/wp-content\/uploads\/2016\/02\/Linie41-Muenchen-Filmtage_Jan2016_012-1024x682.jpg 1024w, http:\/\/www.linie41-film.net\/wp-content\/uploads\/2016\/02\/Linie41-Muenchen-Filmtage_Jan2016_012-300x200.jpg 300w, http:\/\/www.linie41-film.net\/wp-content\/uploads\/2016\/02\/Linie41-Muenchen-Filmtage_Jan2016_012.jpg 2048w\" sizes=\"auto, (max-width: 1000px) 100vw, 1000px\" \/><\/a><\/p>\n<p>M\u00dcNCHEN: NS-Dokumentationszentrum M\u00fcnchen, J\u00fcdische Filmtage, 20.1.2016. Vor der Vorf\u00fchrung. FOTO von Marek Iwicki<\/p>\n<p><a href=\"http:\/\/www.linie41-film.net\/wp-content\/uploads\/2016\/02\/Linie41-Muenchen-Filmtage_Jan2016_014.jpg\"><img loading=\"lazy\" decoding=\"async\" class=\"alignnone size-large wp-image-1335\" src=\"http:\/\/www.linie41-film.net\/wp-content\/uploads\/2016\/02\/Linie41-Muenchen-Filmtage_Jan2016_014-1024x682.jpg\" alt=\"Linie41-Muenchen-Filmtage_Jan2016_014\" width=\"1000\" height=\"666\" srcset=\"http:\/\/www.linie41-film.net\/wp-content\/uploads\/2016\/02\/Linie41-Muenchen-Filmtage_Jan2016_014-1024x682.jpg 1024w, http:\/\/www.linie41-film.net\/wp-content\/uploads\/2016\/02\/Linie41-Muenchen-Filmtage_Jan2016_014-300x200.jpg 300w, http:\/\/www.linie41-film.net\/wp-content\/uploads\/2016\/02\/Linie41-Muenchen-Filmtage_Jan2016_014.jpg 2048w\" sizes=\"auto, (max-width: 1000px) 100vw, 1000px\" \/><\/a><\/p>\n<p>M\u00dcNCHEN: NS-Dokumentationszentrum M\u00fcnchen, J\u00fcdische Filmtage, 20.1.2016 (FOTO von Marek Iwicki)<\/p>\n<h2 style=\"text-align: center;\">Berlin &#8211; Topographie des Terrors &#8211; Januar 2016<\/h2>\n<p>&nbsp;<\/p>\n<p><a href=\"http:\/\/www.linie41-film.net\/wp-content\/uploads\/2016\/02\/12545856_915727395214086_1000036136_o.jpg\"><img loading=\"lazy\" decoding=\"async\" class=\"alignnone size-large wp-image-1303\" src=\"http:\/\/www.linie41-film.net\/wp-content\/uploads\/2016\/02\/12545856_915727395214086_1000036136_o-1024x647.jpg\" alt=\"12545856_915727395214086_1000036136_o\" width=\"1000\" height=\"632\" srcset=\"http:\/\/www.linie41-film.net\/wp-content\/uploads\/2016\/02\/12545856_915727395214086_1000036136_o-1024x647.jpg 1024w, http:\/\/www.linie41-film.net\/wp-content\/uploads\/2016\/02\/12545856_915727395214086_1000036136_o-300x190.jpg 300w, http:\/\/www.linie41-film.net\/wp-content\/uploads\/2016\/02\/12545856_915727395214086_1000036136_o.jpg 2048w\" sizes=\"auto, (max-width: 1000px) 100vw, 1000px\" \/><\/a><\/p>\n<p>BERLIN, Topographie des Terrors, 12.1.2016,<span id=\"fbPhotoSnowliftCaption\" class=\"fbPhotosPhotoCaption\" tabindex=\"0\" data-ft=\"{&quot;tn&quot;:&quot;K&quot;}\"><span class=\"hasCaption\"> Gespr\u00e4ch Tanja Cummings (Regie\/Produktion) und Uwe Neum\u00e4rker, Direktor der Stiftung Denkmal f\u00fcr die ermordeten Juden Europas. FOTO von Marek Iwicki\u00a0 <\/span><\/span><\/p>\n<p>&nbsp;<\/p>\n<figure id=\"attachment_1316\" aria-describedby=\"caption-attachment-1316\" style=\"width: 731px\" class=\"wp-caption alignnone\"><a href=\"http:\/\/www.linie41-film.net\/wp-content\/uploads\/2016\/02\/TO_Lo_0095.jpg\"><img loading=\"lazy\" decoding=\"async\" class=\" wp-image-1316\" src=\"http:\/\/www.linie41-film.net\/wp-content\/uploads\/2016\/02\/TO_Lo_0095.jpg\" alt=\"Topographie - das Gesicht des Gettos-Litzmannstadt - Ausstellungseroeffnung - Dokufilm Linie 41 - Prof.Nachama-Dr.Ingo Loose\" width=\"731\" height=\"484\" srcset=\"http:\/\/www.linie41-film.net\/wp-content\/uploads\/2016\/02\/TO_Lo_0095.jpg 1000w, http:\/\/www.linie41-film.net\/wp-content\/uploads\/2016\/02\/TO_Lo_0095-300x199.jpg 300w\" sizes=\"auto, (max-width: 731px) 100vw, 731px\" \/><\/a><figcaption id=\"caption-attachment-1316\" class=\"wp-caption-text\">Topographie &#8211; Foto von <span id=\"fbPhotoSnowliftCaption\" class=\"fbPhotosPhotoCaption\" tabindex=\"0\" data-ft=\"{&quot;tn&quot;:&quot;K&quot;}\"><span class=\"hasCaption\">Margit Schmidt<\/span><\/span><\/figcaption><\/figure>\n<p>BERLIN, Topographie des Terrors, 12.1.2016,<span id=\"fbPhotoSnowliftCaption\" class=\"fbPhotosPhotoCaption\" tabindex=\"0\" data-ft=\"{&quot;tn&quot;:&quot;K&quot;}\"><span class=\"hasCaption\"> Gespr\u00e4ch Tanja Cummings (Regie\/Produktion) und Uwe Neum\u00e4rker, <\/span><\/span><span id=\"fbPhotoSnowliftCaption\" class=\"fbPhotosPhotoCaption\" tabindex=\"0\" data-ft=\"{&quot;tn&quot;:&quot;K&quot;}\"><span class=\"hasCaption\">Direktor der Stiftung Denkmal f\u00fcr die ermordeten Juden Europas.<br \/>\n<\/span><\/span><\/p>\n<figure id=\"attachment_1318\" aria-describedby=\"caption-attachment-1318\" style=\"width: 728px\" class=\"wp-caption alignnone\"><a href=\"http:\/\/www.linie41-film.net\/wp-content\/uploads\/2016\/02\/TO_Lo_0101a.jpg\"><img loading=\"lazy\" decoding=\"async\" class=\" wp-image-1318\" src=\"http:\/\/www.linie41-film.net\/wp-content\/uploads\/2016\/02\/TO_Lo_0101a.jpg\" alt=\"Topographie - das Gesicht des Gettos-Litzmannstadt - Ausstellungseroeffnung - Dokufilm Linie 41 - Prof.Nachama-Dr.Ingo Loose\" width=\"728\" height=\"289\" srcset=\"http:\/\/www.linie41-film.net\/wp-content\/uploads\/2016\/02\/TO_Lo_0101a.jpg 975w, http:\/\/www.linie41-film.net\/wp-content\/uploads\/2016\/02\/TO_Lo_0101a-300x119.jpg 300w\" sizes=\"auto, (max-width: 728px) 100vw, 728px\" \/><\/a><figcaption id=\"caption-attachment-1318\" class=\"wp-caption-text\">Topographie -Foto von <span id=\"fbPhotoSnowliftCaption\" class=\"fbPhotosPhotoCaption\" tabindex=\"0\" data-ft=\"{&quot;tn&quot;:&quot;K&quot;}\"><span class=\"hasCaption\">Margit Schmidt<\/span><\/span><\/figcaption><\/figure>\n<p>BERLIN, Topographie des Terrors, 12.1.2016,<span id=\"fbPhotoSnowliftCaption\" class=\"fbPhotosPhotoCaption\" tabindex=\"0\" data-ft=\"{&quot;tn&quot;:&quot;K&quot;}\"><span class=\"hasCaption\"> Gespr\u00e4ch Tanja Cummings (Regie\/Produktion) und Uwe Neum\u00e4rker, <\/span><\/span><span id=\"fbPhotoSnowliftCaption\" class=\"fbPhotosPhotoCaption\" tabindex=\"0\" data-ft=\"{&quot;tn&quot;:&quot;K&quot;}\"><span class=\"hasCaption\">Direktor der Stiftung Denkmal f\u00fcr die ermordeten Juden Europas.<br \/>\n<\/span><\/span><\/p>\n<p><a href=\"http:\/\/www.linie41-film.net\/wp-content\/uploads\/2016\/02\/12557841_915727255214100_27703790_o.jpg\"><img loading=\"lazy\" decoding=\"async\" class=\"alignnone  wp-image-1305\" src=\"http:\/\/www.linie41-film.net\/wp-content\/uploads\/2016\/02\/12557841_915727255214100_27703790_o-682x1024.jpg\" alt=\"12557841_915727255214100_27703790_o\" width=\"727\" height=\"1092\" srcset=\"http:\/\/www.linie41-film.net\/wp-content\/uploads\/2016\/02\/12557841_915727255214100_27703790_o-682x1024.jpg 682w, http:\/\/www.linie41-film.net\/wp-content\/uploads\/2016\/02\/12557841_915727255214100_27703790_o-200x300.jpg 200w, http:\/\/www.linie41-film.net\/wp-content\/uploads\/2016\/02\/12557841_915727255214100_27703790_o.jpg 1363w\" sizes=\"auto, (max-width: 727px) 100vw, 727px\" \/><\/a><\/p>\n<p>BERLIN, nach der Vorf\u00fchrung in der Topographie des Terrors, 12.1.2016. Die Protagonisten Natan Grossmann und Jens-J\u00fcrgen Ventzki (FOTO von Marek Iwicki)<\/p>\n<p>&nbsp;<\/p>\n<p>&nbsp;<\/p>\n<h2 style=\"text-align: center;\">Berlin &#8211; Bundesplatz Kino &#8211; Januar 2016<\/h2>\n<p><a href=\"http:\/\/www.linie41-film.net\/wp-content\/uploads\/2016\/01\/12596683_919159818204177_904096126_o.jpg\"><img loading=\"lazy\" decoding=\"async\" class=\"alignnone  wp-image-1217\" src=\"http:\/\/www.linie41-film.net\/wp-content\/uploads\/2016\/01\/12596683_919159818204177_904096126_o-1024x681.jpg\" alt=\"12596683_919159818204177_904096126_o\" width=\"856\" height=\"569\" srcset=\"http:\/\/www.linie41-film.net\/wp-content\/uploads\/2016\/01\/12596683_919159818204177_904096126_o-1024x681.jpg 1024w, http:\/\/www.linie41-film.net\/wp-content\/uploads\/2016\/01\/12596683_919159818204177_904096126_o-300x200.jpg 300w, http:\/\/www.linie41-film.net\/wp-content\/uploads\/2016\/01\/12596683_919159818204177_904096126_o.jpg 2048w\" sizes=\"auto, (max-width: 856px) 100vw, 856px\" \/><\/a><\/p>\n<p>BERLIN, Bundesplatz Kino 15.1.2016. (FOTO von Marek Iwicki)<\/p>\n<p><a href=\"http:\/\/www.linie41-film.net\/wp-content\/uploads\/2016\/01\/12562595_919159808204178_622542369_o.jpg\"><img loading=\"lazy\" decoding=\"async\" class=\"alignnone  wp-image-1211\" src=\"http:\/\/www.linie41-film.net\/wp-content\/uploads\/2016\/01\/12562595_919159808204178_622542369_o-1024x681.jpg\" alt=\"12562595_919159808204178_622542369_o\" width=\"848\" height=\"564\" srcset=\"http:\/\/www.linie41-film.net\/wp-content\/uploads\/2016\/01\/12562595_919159808204178_622542369_o-1024x681.jpg 1024w, http:\/\/www.linie41-film.net\/wp-content\/uploads\/2016\/01\/12562595_919159808204178_622542369_o-300x200.jpg 300w, http:\/\/www.linie41-film.net\/wp-content\/uploads\/2016\/01\/12562595_919159808204178_622542369_o.jpg 2048w\" sizes=\"auto, (max-width: 848px) 100vw, 848px\" \/><\/a><\/p>\n<p>BERLIN, Bundesplatz Kino 15.1.2016. Die Protagonisten und die Regisseurin. FOTO von Marek Iwicki)<\/p>\n<p>&nbsp;<\/p>\n<h2 style=\"text-align: center;\">Berlin &#8211; Janusz Korczak Haus &#8211; 13. Januar 2016<\/h2>\n<p><a href=\"http:\/\/www.linie41-film.net\/wp-content\/uploads\/2016\/01\/index1a.jpg\"><img loading=\"lazy\" decoding=\"async\" class=\"alignnone  wp-image-1231\" src=\"http:\/\/www.linie41-film.net\/wp-content\/uploads\/2016\/01\/index1a.jpg\" alt=\"index1a\" width=\"1000\" height=\"409\" srcset=\"http:\/\/www.linie41-film.net\/wp-content\/uploads\/2016\/01\/index1a.jpg 964w, http:\/\/www.linie41-film.net\/wp-content\/uploads\/2016\/01\/index1a-300x123.jpg 300w\" sizes=\"auto, (max-width: 1000px) 100vw, 1000px\" \/><\/a><\/p>\n<p>Europ\u00e4isches Janusz Korczak Haus, 13.1.2016. Filmgespr\u00e4ch.<\/p>\n<p><a href=\"http:\/\/www.linie41-film.net\/wp-content\/uploads\/2016\/02\/index5a.jpg\"><img loading=\"lazy\" decoding=\"async\" class=\"alignnone  wp-image-1366\" src=\"http:\/\/www.linie41-film.net\/wp-content\/uploads\/2016\/02\/index5a.jpg\" alt=\"index5a\" width=\"740\" height=\"436\" srcset=\"http:\/\/www.linie41-film.net\/wp-content\/uploads\/2016\/02\/index5a.jpg 687w, http:\/\/www.linie41-film.net\/wp-content\/uploads\/2016\/02\/index5a-300x177.jpg 300w\" sizes=\"auto, (max-width: 740px) 100vw, 740px\" \/><\/a><\/p>\n<p>Europ\u00e4isches Janusz Korczak Haus, 13.1.2016. Filmgespr\u00e4ch&#8230;&#8230;.<\/p>\n<p><a href=\"http:\/\/www.linie41-film.net\/wp-content\/uploads\/2016\/01\/indexa.jpg\"><img loading=\"lazy\" decoding=\"async\" class=\"alignnone  wp-image-1239\" src=\"http:\/\/www.linie41-film.net\/wp-content\/uploads\/2016\/01\/indexa.jpg\" alt=\"indexa\" width=\"742\" height=\"661\" srcset=\"http:\/\/www.linie41-film.net\/wp-content\/uploads\/2016\/01\/indexa.jpg 644w, http:\/\/www.linie41-film.net\/wp-content\/uploads\/2016\/01\/indexa-300x267.jpg 300w\" sizes=\"auto, (max-width: 742px) 100vw, 742px\" \/><\/a><\/p>\n<p>Europ\u00e4isches Janusz Korczak Haus, 13.1.2016. Nach der Vorf\u00fchrung und dem Filmgespr\u00e4ch<\/p>\n","protected":false},"excerpt":{"rendered":"<p>M\u00fcnchen, 19. November 2018 Monopol Kino M\u00fcnchen. Gespr\u00e4chsrunde mit Dr. Joram Ronel, Natan Grossmann (Protagonist), Tanja Cummings (Regisseurin), Jens-J\u00fcrgen Ventzki ((Protagonist) Credits: Foto von Monopol Kino M\u00fcnchen\u00a0 Credits: Foto von\u00a0Monopol Kino M\u00fcnchen\u00a0 Credits: Foto von\u00a0Monopol Kino M\u00fcnchen\u00a0 Boston &#8211; 14.\u00a0bis 18. June 2017 Museum of Fine Arts Boston (MFA) &amp; Boston Jewish Film Festival &nbsp; <\/p>\n","protected":false},"author":1,"featured_media":3068,"comment_status":"closed","ping_status":"closed","sticky":false,"template":"","format":"standard","meta":{"footnotes":""},"categories":[15],"tags":[],"class_list":["post-1343","post","type-post","status-publish","format-standard","has-post-thumbnail","hentry","category-uncategorized"],"_links":{"self":[{"href":"http:\/\/www.linie41-film.net\/en\/wp-json\/wp\/v2\/posts\/1343","targetHints":{"allow":["GET"]}}],"collection":[{"href":"http:\/\/www.linie41-film.net\/en\/wp-json\/wp\/v2\/posts"}],"about":[{"href":"http:\/\/www.linie41-film.net\/en\/wp-json\/wp\/v2\/types\/post"}],"author":[{"embeddable":true,"href":"http:\/\/www.linie41-film.net\/en\/wp-json\/wp\/v2\/users\/1"}],"replies":[{"embeddable":true,"href":"http:\/\/www.linie41-film.net\/en\/wp-json\/wp\/v2\/comments?post=1343"}],"version-history":[{"count":146,"href":"http:\/\/www.linie41-film.net\/en\/wp-json\/wp\/v2\/posts\/1343\/revisions"}],"predecessor-version":[{"id":4566,"href":"http:\/\/www.linie41-film.net\/en\/wp-json\/wp\/v2\/posts\/1343\/revisions\/4566"}],"wp:featuredmedia":[{"embeddable":true,"href":"http:\/\/www.linie41-film.net\/en\/wp-json\/wp\/v2\/media\/3068"}],"wp:attachment":[{"href":"http:\/\/www.linie41-film.net\/en\/wp-json\/wp\/v2\/media?parent=1343"}],"wp:term":[{"taxonomy":"category","embeddable":true,"href":"http:\/\/www.linie41-film.net\/en\/wp-json\/wp\/v2\/categories?post=1343"},{"taxonomy":"post_tag","embeddable":true,"href":"http:\/\/www.linie41-film.net\/en\/wp-json\/wp\/v2\/tags?post=1343"}],"curies":[{"name":"wp","href":"https:\/\/api.w.org\/{rel}","templated":true}]}}